{"id":13828,"date":"2016-07-21T17:30:45","date_gmt":"2016-07-21T22:30:45","guid":{"rendered":"http:\/\/www.gustavopaezescobar.com\/site\/?p=13828"},"modified":"2016-07-21T17:38:07","modified_gmt":"2016-07-21T22:38:07","slug":"dos-libros-con-alma-quindiana","status":"publish","type":"post","link":"http:\/\/www.gustavopaezescobar.com\/site\/2016\/07\/21\/dos-libros-con-alma-quindiana\/","title":{"rendered":"Dos libros con alma quindiana"},"content":{"rendered":"<p style=\"text-align: center;\" align=\"center\"><b>Por: Gustavo P\u00e1ez Escobar<\/b><\/p>\n<p style=\"text-align: justify;\">La escritora, periodista y educadora Gloria Ch\u00e1vez V\u00e1squez, oriunda del Quind\u00edo, cumple 46 a\u00f1os de residencia en Estados Unidos. All\u00ed ha publicado la mayor\u00eda de sus libros y de sus art\u00edculos de prensa. Ahora sale a la luz su novena obra, que lleva por t\u00edtulo <i>El libro de Yod\u00edn, <\/i>y se puede adquirir a trav\u00e9s de su p\u00e1gina web.<\/p>\n<p style=\"text-align: justify;\">En esta novela me ha despertado especial inter\u00e9s, como morador que fui de Armenia durante 15 a\u00f1os, encontrarme con el despegue del pueblo grande que era, hacia la ciudad moderna que llegar\u00eda a ser.<\/p>\n<p style=\"text-align: justify;\">La protagonista repasa su familia, su barrio en formaci\u00f3n, la vida social del pueblo, y trata de entender lo que le ha tocado vivir. Regresa a su adolescencia, evoca la naciente sensualidad, asiste al colegio de monjas, se acuerda de los muchachos enamorados, y en ese itinerario surgen veleidades, sue\u00f1os y frustraciones.<\/p>\n<p style=\"text-align: justify;\">Se construyen otras calles, aparecen personajes singulares, crece la familia, soplan nuevos vientos en el contorno. El pueblo comienza a borrarse, al tiempo que emerge la ciudad. Con la mutaci\u00f3n y el progreso, con la irrupci\u00f3n del ruido y la alteraci\u00f3n del sosiego, aumenta en Maribel \u201cla necesidad de escapar a otra parte\u201d. Palabras textuales que pintan una etapa de la vida de Gloria Ch\u00e1vez.<\/p>\n<p style=\"text-align: justify;\">Novela de introspecci\u00f3n, de vuelta al recuerdo, de arraigos y desarraigos, de buceo en la niebla y en la oscuridad, de apertura de otras dimensiones. Y tambi\u00e9n de identidad con la familia, ya que el libro est\u00e1 dedicado a sus ocho hermanos. En el \u00e9xodo de la patria chica anduvo lacerada la vida del inmigrante, que Gloria sufri\u00f3 durante largo tiempo, hasta lograr la tranquilidad actual. Tranquilidad relativa en medio de la distancia de sus lares perdidos en las brumas del tiempo.<\/p>\n<p style=\"text-align: justify;\">Le\u00eddo el libro, me queda el sabor de la soledad que se percibe en Maribel. Para mitigar ese estado del alma, ella dialoga con el mago Yod\u00edn, esp\u00edritu que le susurra consejos al o\u00eddo y le dicta sabias ense\u00f1anzas de vida.<\/p>\n<p style=\"text-align: center;\" align=\"center\">* * *<\/p>\n<p style=\"text-align: justify;\">En el Quind\u00edo ha nacido un nuevo escritor: Josu\u00e9 Carrillo, ingeniero ge\u00f3logo de la Universidad Nacional y doctorado en la Universidad T\u00e9cnica de Aachen (Alemania). En dicho pa\u00eds vivi\u00f3 durante largos a\u00f1os, y ha vuelto a su tierra nativa, donde en la edad dorada se revela como autor de tres libros de literatura: <i>Memorias de un estudiante desmemoriado <\/i>(2014), <i>Un cuyabro en Alemania <\/i>(2015) y <i>Te acord\u00e1s hermano qu\u00e9 tiempos aquellos y otras cr\u00f3nicas <\/i>(2016).<\/p>\n<p style=\"text-align: justify;\">Tuve la oportunidad de descubrir en el \u00faltimo de ellos a un prosista de estilo \u00a0ameno, \u00e1gil y descriptivo, que se solaza con la Armenia de mitad del siglo pasado y pinta a la maravilla sus modas y costumbres, entreveradas con el transcurrir de personajes singulares que marcaron la \u00e9poca.<\/p>\n<p style=\"text-align: justify;\">Entre esos personajes est\u00e1 Vicente Giraldo, gran promotor del civismo y el progreso regionales. Una de sus empresas era Vigig, dedicada a la fabricaci\u00f3n de arietes hidr\u00e1ulicos, trapiches y despulpadoras. Otra, la que elaboraba el champ\u00fa Caspidos\u00e1n Vigig, para eliminar la caspa, y el jab\u00f3n Afeitol Vigig, para ablandar la barba. Sobre el primer producto, una propaganda dec\u00eda: \u201cSi no le cura la caspa, c\u00f3rtese la cabeza\u201d.<\/p>\n<p style=\"text-align: justify;\">En la Tipograf\u00eda Vigig publicaron sus primeras obras los escritores quindianos. Y se edit\u00f3 <i>Mi Revista, <\/i>que bien puede considerarse la mejor del pa\u00eds en los a\u00f1os treinta. Yo conoc\u00ed la colecci\u00f3n completa que guardaba, con el mayor celo, mi amigo Mario \u00c1lvarez Maya, y escrib\u00ed, entre agosto y septiembre de 1980, diez cr\u00f3nicas en <i>La Patria <\/i>de Manizales con el t\u00edtulo <i>La Armenia antigua, <\/i>las que pueden consultarse en mi p\u00e1gina web<i>. <\/i>Hoy casi nadie conoce la existencia de dicha revista.<\/p>\n<p style=\"text-align: justify;\">Otro personaje que se airea en las p\u00e1ginas de Josu\u00e9 Carrillo es Euclides Jaramillo Arango, que naci\u00f3 en Pereira, y m\u00e1s tarde se radic\u00f3 en Armenia, donde cumpli\u00f3 brillante labor como escritor, dirigente c\u00edvico y cafetero. Cuando alguien se mostraba indeciso para emprender un acto, Jaramillo Arango le dec\u00eda, como empuj\u00e1ndolo: \u201cH\u00e1galo, no se quede con la gana de hacerlo, que la vida es un quitadero de ganas\u201d.<\/p>\n<p style=\"text-align: justify;\">Sobre Evelio Quintero Villa, residente en Montenegro, dice que \u201cfue una personalidad inclasificable y fascinante\u201d. Era amante de la m\u00fasica y el arte, la poes\u00eda y las flores, y muy apasionado por la colecci\u00f3n de guaquer\u00eda que guardaba en su vivienda.<\/p>\n<p style=\"text-align: justify;\">Desfilan actores de la vida pintoresca, como Repollito, que deb\u00eda su nombre a su estatura de enana y era invitada de honor a las comparsas y las fiestas populares; o el \u201cConde del Jazm\u00edn\u201d, o \u201cDoctor Cuajada\u201d, personaje entre exc\u00e9ntrico<b> y<\/b> fant\u00e1stico, con toques de genialidad y locura; o el \u201cMocho\u201d Jaramillo, que estacionaba su esbelto caballo frente al caf\u00e9 \u201cDestapado\u201d, y la gente acud\u00eda a leer los anuncios de propiedad ra\u00edz que se anunciaban en el pescuezo, las ancas y los ijares del animal.<\/p>\n<p style=\"text-align: justify;\">Y la \u201c\u00d1ata Tulia\u201d, due\u00f1a de un renombrado burdel por cuya puerta penetraban con sigilo los notables de la poblaci\u00f3n. Ella era muy complaciente con los j\u00f3venes, a quienes ense\u00f1aba con generosidad las artes amatorias. En su honor, Alberto Guti\u00e9rrez Jaramillo, c\u00e9lebre por su chispa repentista y picante, escribi\u00f3 este soneto:<\/p>\n<p style=\"text-align: justify;\"><i>Era la \u00ab\u00d1ata Tulia\u201d un monumento \/ sin pedestal en mi ciudad, rescoldo \/ de un juego juvenil, vaso sin fondo, \/ lista al amor para cualquier momento. \/ Nos explicaba el sexto mandamiento, \/ y en la 50 levant\u00f3 su toldo. \/ \u00a1Qu\u00e9 teatro era aquel! Mondo y lirondo \/ nadie la super\u00f3 en sus movimientos. \/ De acuerdo al feligr\u00e9s ella cobraba; \/ la tarifa no obraba en la premura \/ pues era Tulia la que m\u00e1s gozaba. \/ Todo Armenia recuerda su dulzura, \/ puesto que su portal lo traspasaban \/ \u00a1el notario, el alcalde y hasta el cura!<\/i><\/p>\n<p style=\"text-align: justify;\"><b><i>El Espectador, <\/i><\/b>Bogot\u00e1, 15-VII-2016.<br \/>\n<b><i>Eje 21, <\/i><\/b>Manizales, 15-VII-2016.<\/p>\n<p style=\"text-align: center;\" align=\"center\"><b>Comentarios<\/b><\/p>\n<p style=\"text-align: justify;\">En el meticuloso y acertado an\u00e1lisis de ambas obras, tanto la de Josu\u00e9 como la m\u00eda, ofreces a tus lectores lo mejor de nuestras intenciones.\u00a0Muchas gracias por hacer las cosas tan bien hechas. Como decimos por aqu\u00ed: haces la tarea. Y la haces a conciencia. <b>Gloria Ch\u00e1vez V\u00e1squez, <\/b>Nueva York.<\/p>\n<p style=\"text-align: justify;\">Me parece que se excedi\u00f3; emplear la palabra escritor, tal vez sea demasiado pretensioso. Sin embargo, no deja de ser muy grato leer sus comentarios; aunque soy modesto, no dejo de recordar el \u201cvanidad de vanidades\u201d que dice el Eclesiast\u00e9s del rey Salom\u00f3n, y siento que con las palabras del art\u00edculo se ha inflado un poco mi ego. Cr\u00e9ame que su opini\u00f3n es un est\u00edmulo y me compromete a mejorar y a superarme en mi nueva ocupaci\u00f3n de jubilado. <b>Josu\u00e9 Carrillo, <\/b>Armenia.<\/p>\n<p style=\"text-align: justify;\">Interesante y provocador el libro del ge\u00f3logo, no porque trae a recuerdo ese monolito inmarcesible del Quind\u00edo que fue, es y deber\u00e1 ser Euclides Jaramillo Arango, sino porque les deja una huella a esos quindianos de hoy que creen que Vigig no existi\u00f3 poniendo granos de arena para que Armenia fuera lo que es hoy. <b>Gustavo \u00c1lvarez Gardeaz\u00e1bal, <\/b>Tulu\u00e1.<\/p>\n<p style=\"text-align: justify;\">Con Josu\u00e9 Carrillo he tenido amistad desde que, siendo yo gerente de Empresas P\u00fablicas de Armenia durante el terremoto y la reconstrucci\u00f3n, con Josu\u00e9 ideamos la nueva estaci\u00f3n de bombeo para la planta de Regivit y contrat\u00e9 con \u00e9l los dise\u00f1os para reforzar en concreto tres de los 21 t\u00faneles que traen el agua a Armenia desde la bocatoma, en La Playa (Salento), sobre el r\u00edo Quind\u00edo. (Adem\u00e1s de su amena pluma, tiene un verbo cargado de picaresca que resulta definitivamente entretenedor). Extraordinario el soneto del poeta Alberto Guti\u00e9rrez, quien fue un hombre excepcional, no s\u00f3lo por su gran versatilidad para improvisar y su fino humor, sino por su visi\u00f3n como ingeniero.\u00a0<b>Armando Rodr\u00edguez Jaramillo, <\/b>Armenia.<\/p>\n<p style=\"text-align: justify;\">Aprecio tus enormes cualidades y condiciones de gran ciudadano y admiro al escritor que se llev\u00f3 para siempre en su coraz\u00f3n al Quind\u00edo. Ojal\u00e1 entre nuestros coterr\u00e1neos existiera el sentido de pertenencia, la admiraci\u00f3n y el amor que siempre ha demostrado en su obra literaria y sus columnas mi siempre apreciado Gustavo P\u00e1ez Escobar. <b>Jorge Eli\u00e9cer Orozco D\u00e1vila, <\/b>Armenia.<\/p>\n<p style=\"text-align: justify;\">Respuesta. Muchas gracias, Jorge Eli\u00e9cer. El Quind\u00edo sigue y seguir\u00e1 vibrando en mi sentimiento. <b>Gustavo P\u00e1ez Escobar.<\/b><b><\/b><\/p>\n","protected":false},"excerpt":{"rendered":"<p>Por: Gustavo P\u00e1ez Escobar La escritora, periodista y educadora Gloria Ch\u00e1vez V\u00e1squez, oriunda del Quind\u00edo, cumple 46 a\u00f1os de residencia en Estados Unidos. All\u00ed ha publicado la mayor\u00eda de sus libros y de sus art\u00edculos de prensa. Ahora sale a la luz su novena obra, que lleva por t\u00edtulo El libro de Yod\u00edn, y se [&hellip;]<\/p>\n","protected":false},"author":2,"featured_media":0,"comment_status":"closed","ping_status":"closed","sticky":false,"template":"","format":"standard","meta":{"footnotes":""},"categories":[50,29,66],"tags":[5,89,116],"class_list":["post-13828","post","type-post","status-publish","format-standard","hentry","category-novela-articulos","category-otro-genero","category-quindio","tag-novela","tag-otro-genero","tag-quindio"],"_links":{"self":[{"href":"http:\/\/www.gustavopaezescobar.com\/site\/wp-json\/wp\/v2\/posts\/13828","targetHints":{"allow":["GET"]}}],"collection":[{"href":"http:\/\/www.gustavopaezescobar.com\/site\/wp-json\/wp\/v2\/posts"}],"about":[{"href":"http:\/\/www.gustavopaezescobar.com\/site\/wp-json\/wp\/v2\/types\/post"}],"author":[{"embeddable":true,"href":"http:\/\/www.gustavopaezescobar.com\/site\/wp-json\/wp\/v2\/users\/2"}],"replies":[{"embeddable":true,"href":"http:\/\/www.gustavopaezescobar.com\/site\/wp-json\/wp\/v2\/comments?post=13828"}],"version-history":[{"count":3,"href":"http:\/\/www.gustavopaezescobar.com\/site\/wp-json\/wp\/v2\/posts\/13828\/revisions"}],"predecessor-version":[{"id":13830,"href":"http:\/\/www.gustavopaezescobar.com\/site\/wp-json\/wp\/v2\/posts\/13828\/revisions\/13830"}],"wp:attachment":[{"href":"http:\/\/www.gustavopaezescobar.com\/site\/wp-json\/wp\/v2\/media?parent=13828"}],"wp:term":[{"taxonomy":"category","embeddable":true,"href":"http:\/\/www.gustavopaezescobar.com\/site\/wp-json\/wp\/v2\/categories?post=13828"},{"taxonomy":"post_tag","embeddable":true,"href":"http:\/\/www.gustavopaezescobar.com\/site\/wp-json\/wp\/v2\/tags?post=13828"}],"curies":[{"name":"wp","href":"https:\/\/api.w.org\/{rel}","templated":true}]}}